{"id":1248,"date":"2023-07-17T10:00:24","date_gmt":"2023-07-17T10:00:24","guid":{"rendered":"https:\/\/misade12cordoba.es\/?p=1248"},"modified":"2023-08-18T07:58:33","modified_gmt":"2023-08-18T07:58:33","slug":"flamenquin-cordobes-tradicion-y-creatividad-en-cada-bocado","status":"publish","type":"post","link":"https:\/\/misade12cordoba.es\/fr\/flamenquin-cordobes-tradicion-y-creatividad-en-cada-bocado\/","title":{"rendered":"Flamenqu\u00edn Cordob\u00e9s: Tradici\u00f3n y Creatividad en Cada Bocado"},"content":{"rendered":"<p class=\"wp-block-paragraph\">En el vibrante escenario culinario de C\u00f3rdoba, hay un plato que brilla con luz propia: el flamenqu\u00edn. Reconocido tanto por su sabor como por su versatilidad, este bocado se ha ganado un lugar especial en el coraz\u00f3n de los comensales locales y visitantes. Desde \u00abEl D\u00eda de C\u00f3rdoba\u00bb han hecho referencia a nuestro flamenqu\u00edn como uno de los mejores flamenquines de C\u00f3rdoba.<\/p>\n\n\n\n<p class=\"wp-block-paragraph\">ENLACE NOTICIA: <a href=\"https:\/\/www.eldiadecordoba.es\/vivir-cordoba\/flamenquines-Cordoba-probar-alguna-vida_0_1812118781.html \" target=\"_blank\" rel=\"noopener\">https:\/\/www.eldiadecordoba.es\/vivir-cordoba\/flamenquines-Cordoba-probar-alguna-vida_0_1812118781.html <\/a><\/p>\n\n\n\n<p class=\"wp-block-paragraph\">El flamenqu\u00edn es m\u00e1s que un plato; es un s\u00edmbolo de la rica historia y la innovaci\u00f3n constante en la cocina cordobesa. Desde las versiones m\u00e1s tradicionales hasta las m\u00e1s audaces, cada flamenqu\u00edn cuenta una historia \u00fanica. Explorar este mundo culinario es sumergirse en la esencia misma de C\u00f3rdoba y su pasi\u00f3n por la comida.<\/p>","protected":false},"excerpt":{"rendered":"<p>En el vibrante escenario culinario de C\u00f3rdoba, hay un plato que brilla con luz propia: el flamenqu\u00edn. Reconocido tanto por su sabor como por su versatilidad, este bocado se ha ganado un lugar especial en el coraz\u00f3n de los comensales locales y visitantes. Desde \u00abEl D\u00eda de C\u00f3rdoba\u00bb han hecho referencia a nuestro flamenqu\u00edn como [&hellip;]<\/p>\n","protected":false},"author":1,"featured_media":1249,"comment_status":"open","ping_status":"open","sticky":false,"template":"","format":"standard","meta":{"footnotes":""},"categories":[18,19],"tags":[20],"class_list":["post-1248","post","type-post","status-publish","format-standard","has-post-thumbnail","hentry","category-misa-de-12","category-gastronomia-cordobesa","tag-flamenquin-cordobes"],"_links":{"self":[{"href":"https:\/\/misade12cordoba.es\/fr\/wp-json\/wp\/v2\/posts\/1248","targetHints":{"allow":["GET"]}}],"collection":[{"href":"https:\/\/misade12cordoba.es\/fr\/wp-json\/wp\/v2\/posts"}],"about":[{"href":"https:\/\/misade12cordoba.es\/fr\/wp-json\/wp\/v2\/types\/post"}],"author":[{"embeddable":true,"href":"https:\/\/misade12cordoba.es\/fr\/wp-json\/wp\/v2\/users\/1"}],"replies":[{"embeddable":true,"href":"https:\/\/misade12cordoba.es\/fr\/wp-json\/wp\/v2\/comments?post=1248"}],"version-history":[{"count":3,"href":"https:\/\/misade12cordoba.es\/fr\/wp-json\/wp\/v2\/posts\/1248\/revisions"}],"predecessor-version":[{"id":1257,"href":"https:\/\/misade12cordoba.es\/fr\/wp-json\/wp\/v2\/posts\/1248\/revisions\/1257"}],"wp:featuredmedia":[{"embeddable":true,"href":"https:\/\/misade12cordoba.es\/fr\/wp-json\/wp\/v2\/media\/1249"}],"wp:attachment":[{"href":"https:\/\/misade12cordoba.es\/fr\/wp-json\/wp\/v2\/media?parent=1248"}],"wp:term":[{"taxonomy":"category","embeddable":true,"href":"https:\/\/misade12cordoba.es\/fr\/wp-json\/wp\/v2\/categories?post=1248"},{"taxonomy":"post_tag","embeddable":true,"href":"https:\/\/misade12cordoba.es\/fr\/wp-json\/wp\/v2\/tags?post=1248"}],"curies":[{"name":"wp","href":"https:\/\/api.w.org\/{rel}","templated":true}]}}